{"id":8578,"date":"2026-09-02T18:58:21","date_gmt":"2026-09-02T18:58:21","guid":{"rendered":"https:\/\/camarabaependi.mg.gov.br\/v4\/?p=8578"},"modified":"2026-09-02T18:58:21","modified_gmt":"2026-09-02T18:58:21","slug":"consulta-publica-plano-diretor","status":"publish","type":"post","link":"https:\/\/camarabaependi.mg.gov.br\/v4\/consulta-publica-plano-diretor\/","title":{"rendered":"Consulta P\u00fablica &#8211; Plano Diretor"},"content":{"rendered":"<p>Sua voz tamb\u00e9m constr\u00f3i o futuro de Baependi!<\/p>\n<p>A Consulta P\u00fablica do Plano Diretor est\u00e1 aberta para toda a popula\u00e7\u00e3o contribuir com ideias e sugest\u00f5es para o desenvolvimento do nosso munic\u00edpio.<\/p>\n<p>\ud83d\udcf2 Acesse o question\u00e1rio pelo link abaixo ou escaneie o QR Code da imagem:<\/p>\n<p><a href=\"https:\/\/docs.google.com\/forms\/d\/e\/1FAIpQLSfLMMhNHDAcdNMsYYWHIxj1gTGXMgTfA6oCw6yrytmCdJ3Pog\/viewform\" target=\"_blank\" rel=\"noopener\">https:\/\/docs.google.com\/forms\/d\/e\/1FAIpQLSfLMMhNHDAcdNMsYYWHIxj1gTGXMgTfA6oCw6yrytmCdJ3Pog\/viewform<\/a><\/p>\n<p>O Plano Diretor \u00e9 de todos e para todos. Participe! \ud83d\udc99<\/p>\n<p><a class=\"x1i10hfl xjbqb8w x1ejq31n x18oe1m7 x1sy0etr xstzfhl x972fbf x10w94by x1qhh985 x14e42zd x9f619 x1ypdohk xt0psk2 x3ct3a4 xdj266r x14z9mp xat24cr x1lziwak xexx8yu xyri2b x18d9i69 x1c1uobl x16tdsg8 x1hl2dhg xggy1nq x1a2a7pz  _aa9_ _a6hd\" tabindex=\"0\" role=\"link\" href=\"https:\/\/www.instagram.com\/explore\/tags\/c%C3%A2maramunicipaldebaependi\/\">#C\u00e2maraMunicipalDeBaependi<\/a> <a class=\"x1i10hfl xjbqb8w x1ejq31n x18oe1m7 x1sy0etr xstzfhl x972fbf x10w94by x1qhh985 x14e42zd x9f619 x1ypdohk xt0psk2 x3ct3a4 xdj266r x14z9mp xat24cr x1lziwak xexx8yu xyri2b x18d9i69 x1c1uobl x16tdsg8 x1hl2dhg xggy1nq x1a2a7pz  _aa9_ _a6hd\" tabindex=\"0\" role=\"link\" href=\"https:\/\/www.instagram.com\/explore\/tags\/baependi\/\">#Baependi<\/a> <a class=\"x1i10hfl xjbqb8w x1ejq31n x18oe1m7 x1sy0etr xstzfhl x972fbf x10w94by x1qhh985 x14e42zd x9f619 x1ypdohk xt0psk2 x3ct3a4 xdj266r x14z9mp xat24cr x1lziwak xexx8yu xyri2b x18d9i69 x1c1uobl x16tdsg8 x1hl2dhg xggy1nq x1a2a7pz  _aa9_ _a6hd\" tabindex=\"0\" role=\"link\" href=\"https:\/\/www.instagram.com\/explore\/tags\/planodiretor\/\">#PlanoDiretor<\/a> <a class=\"x1i10hfl xjbqb8w x1ejq31n x18oe1m7 x1sy0etr xstzfhl x972fbf x10w94by x1qhh985 x14e42zd x9f619 x1ypdohk xt0psk2 x3ct3a4 xdj266r x14z9mp xat24cr x1lziwak xexx8yu xyri2b x18d9i69 x1c1uobl x16tdsg8 x1hl2dhg xggy1nq x1a2a7pz  _aa9_ _a6hd\" tabindex=\"0\" role=\"link\" href=\"https:\/\/www.instagram.com\/explore\/tags\/consultap%C3%BAblica\/\">#ConsultaP\u00fablica<\/a> <a class=\"x1i10hfl xjbqb8w x1ejq31n x18oe1m7 x1sy0etr xstzfhl x972fbf x10w94by x1qhh985 x14e42zd x9f619 x1ypdohk xt0psk2 x3ct3a4 xdj266r x14z9mp xat24cr x1lziwak xexx8yu xyri2b x18d9i69 x1c1uobl x16tdsg8 x1hl2dhg xggy1nq x1a2a7pz  _aa9_ _a6hd\" tabindex=\"0\" role=\"link\" href=\"https:\/\/www.instagram.com\/explore\/tags\/participa%C3%A7%C3%A3ocidad%C3%A3\/\">#Participa\u00e7\u00e3oCidad\u00e3<\/a><\/p>\n","protected":false},"excerpt":{"rendered":"<p>Sua voz tamb\u00e9m constr\u00f3i o futuro de Baependi! A Consulta P\u00fablica do Plano Diretor est\u00e1 aberta para toda a popula\u00e7\u00e3o contribuir com ideias e sugest\u00f5es para o desenvolvimento do nosso munic\u00edpio. \ud83d\udcf2 Acesse o question\u00e1rio pelo link abaixo ou escaneie o QR Code da imagem: https:\/\/docs.google.com\/forms\/d\/e\/1FAIpQLSfLMMhNHDAcdNMsYYWHIxj1gTGXMgTfA6oCw6yrytmCdJ3Pog\/viewform O Plano Diretor \u00e9 de todos e para todos. [&hellip;]<\/p>\n","protected":false},"author":1,"featured_media":8579,"comment_status":"open","ping_status":"open","sticky":false,"template":"","format":"standard","meta":[],"categories":[30],"tags":[],"_links":{"self":[{"href":"https:\/\/camarabaependi.mg.gov.br\/v4\/wp-json\/wp\/v2\/posts\/8578"}],"collection":[{"href":"https:\/\/camarabaependi.mg.gov.br\/v4\/wp-json\/wp\/v2\/posts"}],"about":[{"href":"https:\/\/camarabaependi.mg.gov.br\/v4\/wp-json\/wp\/v2\/types\/post"}],"author":[{"embeddable":true,"href":"https:\/\/camarabaependi.mg.gov.br\/v4\/wp-json\/wp\/v2\/users\/1"}],"replies":[{"embeddable":true,"href":"https:\/\/camarabaependi.mg.gov.br\/v4\/wp-json\/wp\/v2\/comments?post=8578"}],"version-history":[{"count":1,"href":"https:\/\/camarabaependi.mg.gov.br\/v4\/wp-json\/wp\/v2\/posts\/8578\/revisions"}],"predecessor-version":[{"id":8580,"href":"https:\/\/camarabaependi.mg.gov.br\/v4\/wp-json\/wp\/v2\/posts\/8578\/revisions\/8580"}],"wp:featuredmedia":[{"embeddable":true,"href":"https:\/\/camarabaependi.mg.gov.br\/v4\/wp-json\/wp\/v2\/media\/8579"}],"wp:attachment":[{"href":"https:\/\/camarabaependi.mg.gov.br\/v4\/wp-json\/wp\/v2\/media?parent=8578"}],"wp:term":[{"taxonomy":"category","embeddable":true,"href":"https:\/\/camarabaependi.mg.gov.br\/v4\/wp-json\/wp\/v2\/categories?post=8578"},{"taxonomy":"post_tag","embeddable":true,"href":"https:\/\/camarabaependi.mg.gov.br\/v4\/wp-json\/wp\/v2\/tags?post=8578"}],"curies":[{"name":"wp","href":"https:\/\/api.w.org\/{rel}","templated":true}]}}