{"id":1263,"date":"2019-07-15T13:53:32","date_gmt":"2019-07-15T16:53:32","guid":{"rendered":"http:\/\/camarabaependi.mg.gov.br\/v2\/?p=1263"},"modified":"2019-07-15T13:53:32","modified_gmt":"2019-07-15T16:53:32","slug":"atencao-aprovados-no-concurso-de-2015","status":"publish","type":"post","link":"https:\/\/camarabaependi.mg.gov.br\/v4\/atencao-aprovados-no-concurso-de-2015\/","title":{"rendered":"ATEN\u00c7\u00c3O APROVADOS NO CONCURSO DE 2015"},"content":{"rendered":"<p>A Prefeitura Municipal de Baependi sancionou no dia 03\/07\/2019 a Lei Complementar 2817\/2019, que criou mais 8 cargos de pr<span class=\"text_exposed_show\">ovimento efetivo no quadro de servidores de Baependi.<\/span><\/p>\n<p><span class=\"text_exposed_show\"><br \/>\nForam criados os seguintes cargos:<br \/>\n02 cargos de motorista<br \/>\n01 cargo de nutricionista<br \/>\n01 cargo de assistente social<br \/>\n01 cargo de t\u00e9cnico de inform\u00e1tica<br \/>\n01 cargo de t\u00e9cnico de enfermagem<br \/>\n01 cargo de vigia<br \/>\nAl\u00e9m de 01 cargo de coveiro<\/span><\/p>\n<p><span class=\"text_exposed_show\"><br \/>\nOs aprovados no Concurso Edital 01\/2015 devem ficar atentos pois o prazo de vig\u00eancia do concurso est\u00e1 se esgotando.<br \/>\nOs aprovados dentro do n\u00famero de vagas tem direito subjetivo a nomea\u00e7\u00e3o.<\/span><\/p>\n","protected":false},"excerpt":{"rendered":"<p>A Prefeitura Municipal de Baependi sancionou no dia 03\/07\/2019 a Lei Complementar 2817\/2019, que criou mais 8 cargos de provimento efetivo no quadro de servidores de Baependi. Foram criados os seguintes cargos: 02 cargos de motorista 01 cargo de nutricionista 01 cargo de assistente social 01 cargo de t\u00e9cnico de inform\u00e1tica 01 cargo de t\u00e9cnico [&hellip;]<\/p>\n","protected":false},"author":1,"featured_media":1265,"comment_status":"closed","ping_status":"open","sticky":false,"template":"","format":"standard","meta":[],"categories":[30],"tags":[],"_links":{"self":[{"href":"https:\/\/camarabaependi.mg.gov.br\/v4\/wp-json\/wp\/v2\/posts\/1263"}],"collection":[{"href":"https:\/\/camarabaependi.mg.gov.br\/v4\/wp-json\/wp\/v2\/posts"}],"about":[{"href":"https:\/\/camarabaependi.mg.gov.br\/v4\/wp-json\/wp\/v2\/types\/post"}],"author":[{"embeddable":true,"href":"https:\/\/camarabaependi.mg.gov.br\/v4\/wp-json\/wp\/v2\/users\/1"}],"replies":[{"embeddable":true,"href":"https:\/\/camarabaependi.mg.gov.br\/v4\/wp-json\/wp\/v2\/comments?post=1263"}],"version-history":[{"count":0,"href":"https:\/\/camarabaependi.mg.gov.br\/v4\/wp-json\/wp\/v2\/posts\/1263\/revisions"}],"wp:featuredmedia":[{"embeddable":true,"href":"https:\/\/camarabaependi.mg.gov.br\/v4\/wp-json\/wp\/v2\/media\/1265"}],"wp:attachment":[{"href":"https:\/\/camarabaependi.mg.gov.br\/v4\/wp-json\/wp\/v2\/media?parent=1263"}],"wp:term":[{"taxonomy":"category","embeddable":true,"href":"https:\/\/camarabaependi.mg.gov.br\/v4\/wp-json\/wp\/v2\/categories?post=1263"},{"taxonomy":"post_tag","embeddable":true,"href":"https:\/\/camarabaependi.mg.gov.br\/v4\/wp-json\/wp\/v2\/tags?post=1263"}],"curies":[{"name":"wp","href":"https:\/\/api.w.org\/{rel}","templated":true}]}}